{"id":6809,"date":"2026-08-31T15:26:16","date_gmt":"2026-08-31T18:26:16","guid":{"rendered":"https:\/\/www.sincomerciovc.com.br\/v3\/?p=6809"},"modified":"2026-08-31T15:27:38","modified_gmt":"2026-08-31T18:27:38","slug":"comercio-faz-apelo-para-que-pec-6x1-nao-seja-votada-antes-das-eleicoes","status":"publish","type":"post","link":"https:\/\/www.sincomerciovc.com.br\/v3\/2026\/08\/31\/comercio-faz-apelo-para-que-pec-6x1-nao-seja-votada-antes-das-eleicoes\/","title":{"rendered":"Com\u00e9rcio, servi\u00e7os e turismo fazem apelo para que PEC 6\u00d71 n\u00e3o seja votada antes das elei\u00e7\u00f5es"},"content":{"rendered":"<p class=\"wp-block-paragraph\"><em>Campanha lan\u00e7ada no final de semana dos dias 29 e 30 de agosto re\u00fane esfor\u00e7os em busca pela estabilidade financeira essencial para o futuro da economia brasileira<\/em><\/p>\n<p class=\"wp-block-paragraph\">Diante do avan\u00e7o no Senado Federal da Proposta de Emenda \u00e0 Constitui\u00e7\u00e3o (PEC) que altera a jornada de trabalho e extingue a escala 6\u00d71, a principal entidade representativa do setor terci\u00e1rio brasileiro, a Confedera\u00e7\u00e3o Nacional do Com\u00e9rcio de Bens, Servi\u00e7os e Turismo (CNC), ao lado de suas 34 federa\u00e7\u00f5es e sindicatos filiados, lan\u00e7am neste fim de semana (29 e 30 de agosto) uma campanha nacional conjunta com o lema: \u201cA conta j\u00e1 est\u00e1 alta demais. Mudan\u00e7a das regras do trabalho \u00e0s v\u00e9speras da elei\u00e7\u00e3o? Agora n\u00e3o.\u201d<\/p>\n<p class=\"wp-block-paragraph\">Se trata de um apelo aos Senadores que debatem a PEC que limita a carga hor\u00e1ria nacionalmente sobre os graves riscos de acelerar uma mudan\u00e7a constitucional r\u00edgida sobre a jornada de trabalho em um momento de acentuada fragilidade econ\u00f4mica. O setor produtivo destaca que a economia brasileira j\u00e1 enfrenta condicionantes severos: juros altos, cr\u00e9dito caro e restritivo, endividamento recordes das fam\u00edlias, inadimpl\u00eancia sem precedentes entre as empresas, desinvestimento e sa\u00edda de empresas estrangeiras do Pa\u00eds. Ao mesmo tempo, o fim da Taxa das Blusinhas, um agravante na concorr\u00eancia desleal para o varejo nacional, tamb\u00e9m \u00e9 avaliado como parte do pacote de aprova\u00e7\u00f5es em um per\u00edodo sens\u00edvel em que interesses pol\u00edticos atravessam escolhas econ\u00f4micas.<\/p>\n<p class=\"wp-block-paragraph\">Impor uma eleva\u00e7\u00e3o abrupta nos custos operacionais \u2014 em um setor onde mais de 90% da m\u00e3o de obra atua no regime 6\u00d71 \u2014 significar\u00e1 repassar esse peso para o consumidor final em forma de infla\u00e7\u00e3o, gerando retra\u00e7\u00e3o de vagas e aumento da informalidade, al\u00e9m do j\u00e1 mapeado preju\u00edzo aos empres\u00e1rios que pagam impostos de importa\u00e7\u00e3o muito maiores do que s\u00e3o isentados da Taxa da Blusinhas. O presidente do Sistema CNC-Sesc-Senac, Jos\u00e9 Roberto Tadros, refor\u00e7a a necessidade de responsabilidade e pondera\u00e7\u00e3o no debate legislativo neste contexto.<\/p>\n<p class=\"wp-block-paragraph\">\u201cO setor terci\u00e1rio n\u00e3o se op\u00f5e ao debate sobre o bem-estar do trabalhador, mas uma decis\u00e3o dessa magnitude exige an\u00e1lise t\u00e9cnica, di\u00e1logo e profunda responsabilidade. A conta para quem produz e emprega no Brasil j\u00e1 est\u00e1 alta demais. Votarmos esta altera\u00e7\u00e3o constitucional dr\u00e1stica nas rela\u00e7\u00f5es de trabalho, de forma apressada e \u00e0s v\u00e9speras de um processo eleitoral, \u00e9 colocar em risco a estabilidade de milh\u00f5es de micro e pequenas empresas e a pr\u00f3pria manuten\u00e7\u00e3o dos empregos formais de toda a cadeia produtiva. O caminho seguro continua sendo a negocia\u00e7\u00e3o coletiva, que respeita as realidades de cada regi\u00e3o e setor. Agora \u00e9 o momento de preservar a economia e garantir a seguran\u00e7a jur\u00eddica do Pa\u00eds.\u201d<\/p>\n<p class=\"wp-block-paragraph\">A confedera\u00e7\u00e3o apela aos senadores da Rep\u00fablica por sensatez e serenidade, defendendo que a readequa\u00e7\u00e3o de jornadas ocorra via conven\u00e7\u00f5es coletivas de trabalho, em respeito \u00e0 soberania das decis\u00f5es negociadas entre trabalhadores e empregadores, conforme previsto na constitui\u00e7\u00e3o atual desde a reforma trabalhista de 2017. Temas como este e a taxa\u00e7\u00e3o de importa\u00e7\u00f5es diretas geram custos e efeitos a curto, m\u00e9dio e longo prazo que demandam um debate maior e sem a pressa dos prazos eleitorais.<\/p>\n","protected":false},"excerpt":{"rendered":"<p>Campanha lan\u00e7ada no final de semana dos dias 29 e 30 de agosto re\u00fane esfor\u00e7os em busca pela estabilidade financeira essencial para o futuro da economia brasileira Diante do avan\u00e7o no Senado Federal da Proposta de Emenda \u00e0 Constitui\u00e7\u00e3o (PEC) que altera a jornada de trabalho e extingue a escala 6\u00d71, a principal entidade representativa [&hellip;]<\/p>\n","protected":false},"author":2,"featured_media":6810,"comment_status":"closed","ping_status":"closed","sticky":false,"template":"","format":"standard","meta":[],"categories":[116],"tags":[],"_links":{"self":[{"href":"https:\/\/www.sincomerciovc.com.br\/v3\/wp-json\/wp\/v2\/posts\/6809"}],"collection":[{"href":"https:\/\/www.sincomerciovc.com.br\/v3\/wp-json\/wp\/v2\/posts"}],"about":[{"href":"https:\/\/www.sincomerciovc.com.br\/v3\/wp-json\/wp\/v2\/types\/post"}],"author":[{"embeddable":true,"href":"https:\/\/www.sincomerciovc.com.br\/v3\/wp-json\/wp\/v2\/users\/2"}],"replies":[{"embeddable":true,"href":"https:\/\/www.sincomerciovc.com.br\/v3\/wp-json\/wp\/v2\/comments?post=6809"}],"version-history":[{"count":3,"href":"https:\/\/www.sincomerciovc.com.br\/v3\/wp-json\/wp\/v2\/posts\/6809\/revisions"}],"predecessor-version":[{"id":6813,"href":"https:\/\/www.sincomerciovc.com.br\/v3\/wp-json\/wp\/v2\/posts\/6809\/revisions\/6813"}],"wp:featuredmedia":[{"embeddable":true,"href":"https:\/\/www.sincomerciovc.com.br\/v3\/wp-json\/wp\/v2\/media\/6810"}],"wp:attachment":[{"href":"https:\/\/www.sincomerciovc.com.br\/v3\/wp-json\/wp\/v2\/media?parent=6809"}],"wp:term":[{"taxonomy":"category","embeddable":true,"href":"https:\/\/www.sincomerciovc.com.br\/v3\/wp-json\/wp\/v2\/categories?post=6809"},{"taxonomy":"post_tag","embeddable":true,"href":"https:\/\/www.sincomerciovc.com.br\/v3\/wp-json\/wp\/v2\/tags?post=6809"}],"curies":[{"name":"wp","href":"https:\/\/api.w.org\/{rel}","templated":true}]}}