{"id":6321,"date":"2024-04-23T12:05:34","date_gmt":"2024-04-23T15:05:34","guid":{"rendered":"https:\/\/www.sincomerciovc.com.br\/v3\/?p=6321"},"modified":"2024-04-23T12:05:34","modified_gmt":"2024-04-23T15:05:34","slug":"governo-lanca-programa-de-renegociacao-de-dividas-para-pequenas-empresa","status":"publish","type":"post","link":"https:\/\/www.sincomerciovc.com.br\/v3\/2024\/04\/23\/governo-lanca-programa-de-renegociacao-de-dividas-para-pequenas-empresa\/","title":{"rendered":"Governo lan\u00e7a programa de renegocia\u00e7\u00e3o de d\u00edvidas para pequenas empresa"},"content":{"rendered":"<p>O governo federal\u00a0lan\u00e7ou nesta segunda-feira, 22\/4, o<strong><u>\u00a0<\/u><\/strong>programa <strong>Acredita<\/strong>, que visa ampliar o acesso ao cr\u00e9dito para Microempreendedores Individuais (MEIs)<strong>,<\/strong> micro e pequenas empresas, e benefici\u00e1rios do\u00a0Bolsa Fam\u00edlia. A medida provis\u00f3ria que cria o programa foi assinada por Lula em evento no Pal\u00e1cio do Planalto nesta manh\u00e3.<\/p>\n<p>Segundo o governo, o programa visa reestruturar\u00a0parte do mercado de cr\u00e9dito no Brasil<strong>\u00a0<\/strong>e deve come\u00e7ar\u00a0a partir de julho.<\/p>\n<p>O programa <strong>Acredita, <\/strong>inspirado no Programa Desenrola<strong>\u00a0<\/strong>Brasil, est\u00e1 baseado em quatros eixos:<\/p>\n<ul>\n<li><strong>Acredita no Primeiro Passo<\/strong>: \u00e9 um programa de microcr\u00e9dito para inscritos no Cad\u00danico. O programa vai funcionar como um sistema de garantia de cr\u00e9dito, atrav\u00e9s do Fundo de Garantia de Opera\u00e7\u00f5es (FGO) do Desenrola Brasil e ter\u00e1 uma fonte de R$ 500 milh\u00f5es em recursos para investimentos em 2024. As condi\u00e7\u00f5es de taxa de juros e prazo de pagamento ainda ser\u00e3o divulgadas pelo governo.<\/li>\n<li><strong>Acredita no seu neg\u00f3cio<\/strong>: \u00e9 voltado \u00e0s empresas, por meio do Desenrola Pequenos Neg\u00f3cios. O programa vai funcionar como um sistema de garantia de cr\u00e9dito, atr\u00e1v\u00e9s do Fundo de Garantia de Opera\u00e7\u00f5es (FGO) do Desenrola Brasil e ter\u00e1 uma fonte de R$ 500 milh\u00f5es em recursos para investimentos em 2024. As condi\u00e7\u00f5es de taxa de juros e prazo de pagamento ainda ser\u00e3o divulgadas pelo governo.<\/li>\n<li><strong>Acredita no cr\u00e9dito imobili\u00e1rio<\/strong>: cria\u00e7\u00e3o do mercado secund\u00e1rio para cr\u00e9dito imobili\u00e1rio, visa a cria\u00e7\u00e3o do mercado secund\u00e1rio para cr\u00e9dito imobili\u00e1rio. De acordo com o governo, o Brasil apresenta uma baixa oferta de cr\u00e9dito imobili\u00e1rio, equivalente a 10% do Produto Interno Bruto (PIB), enquanto em pa\u00edses de renda m\u00e9dia a oferta gira entre 26% a 30% do PIB.<\/li>\n<li><strong>Eco Invest Brasil<\/strong>&#8211; Prote\u00e7\u00e3o Cambial para Investimentos Verdes (PTE), que tem como objetivo incentivar investimentos estrangeiros em projetos sustent\u00e1veis no Brasil.<\/li>\n<\/ul>\n<p>Fontes: Ag\u00eancia Brasil e Portal Exame (Andr\u00e9 Martins)<\/p>\n","protected":false},"excerpt":{"rendered":"<p>O governo federal\u00a0lan\u00e7ou nesta segunda-feira, 22\/4, o\u00a0programa Acredita, que visa ampliar o acesso ao cr\u00e9dito para Microempreendedores Individuais (MEIs), micro e pequenas empresas, e benefici\u00e1rios do\u00a0Bolsa Fam\u00edlia. A medida provis\u00f3ria que cria o programa foi assinada por Lula em evento no Pal\u00e1cio do Planalto nesta manh\u00e3. Segundo o governo, o programa visa reestruturar\u00a0parte do mercado [&hellip;]<\/p>\n","protected":false},"author":2,"featured_media":6322,"comment_status":"closed","ping_status":"closed","sticky":false,"template":"","format":"standard","meta":[],"categories":[116,1],"tags":[],"_links":{"self":[{"href":"https:\/\/www.sincomerciovc.com.br\/v3\/wp-json\/wp\/v2\/posts\/6321"}],"collection":[{"href":"https:\/\/www.sincomerciovc.com.br\/v3\/wp-json\/wp\/v2\/posts"}],"about":[{"href":"https:\/\/www.sincomerciovc.com.br\/v3\/wp-json\/wp\/v2\/types\/post"}],"author":[{"embeddable":true,"href":"https:\/\/www.sincomerciovc.com.br\/v3\/wp-json\/wp\/v2\/users\/2"}],"replies":[{"embeddable":true,"href":"https:\/\/www.sincomerciovc.com.br\/v3\/wp-json\/wp\/v2\/comments?post=6321"}],"version-history":[{"count":1,"href":"https:\/\/www.sincomerciovc.com.br\/v3\/wp-json\/wp\/v2\/posts\/6321\/revisions"}],"predecessor-version":[{"id":6323,"href":"https:\/\/www.sincomerciovc.com.br\/v3\/wp-json\/wp\/v2\/posts\/6321\/revisions\/6323"}],"wp:featuredmedia":[{"embeddable":true,"href":"https:\/\/www.sincomerciovc.com.br\/v3\/wp-json\/wp\/v2\/media\/6322"}],"wp:attachment":[{"href":"https:\/\/www.sincomerciovc.com.br\/v3\/wp-json\/wp\/v2\/media?parent=6321"}],"wp:term":[{"taxonomy":"category","embeddable":true,"href":"https:\/\/www.sincomerciovc.com.br\/v3\/wp-json\/wp\/v2\/categories?post=6321"},{"taxonomy":"post_tag","embeddable":true,"href":"https:\/\/www.sincomerciovc.com.br\/v3\/wp-json\/wp\/v2\/tags?post=6321"}],"curies":[{"name":"wp","href":"https:\/\/api.w.org\/{rel}","templated":true}]}}