{"id":6292,"date":"2024-03-06T14:44:05","date_gmt":"2024-03-06T17:44:05","guid":{"rendered":"https:\/\/www.sincomerciovc.com.br\/v3\/?p=6292"},"modified":"2025-07-09T17:34:42","modified_gmt":"2025-07-09T20:34:42","slug":"receita-federal-lanca-novo-portal-de-servicos","status":"publish","type":"post","link":"https:\/\/www.sincomerciovc.com.br\/v3\/2024\/03\/06\/receita-federal-lanca-novo-portal-de-servicos\/","title":{"rendered":"Receita Federal lan\u00e7a novo Portal de Servi\u00e7os"},"content":{"rendered":"<p>Na segunda-feira, dia 4\/3, a Receita Federal lan\u00e7ou um novo portal, que reunir\u00e1 todos os servi\u00e7os oferecidos aos cidad\u00e3os e empres\u00e1rios, visando unificar e melhorar a experi\u00eancia dos usu\u00e1rios em rela\u00e7\u00e3o \u00e0 intera\u00e7\u00e3o digital com o \u00f3rg\u00e3o.<\/p>\n<p>A plataforma ser\u00e1 implementada em fases e, na sua \u00faltima etapa, substituir\u00e1 o atual Centro de Atendimento Virtual, o Portal e-CAC. O e-CAC seguir\u00e1 funcionando normalmente at\u00e9 que todos os servi\u00e7os sejam adaptados \u00e0 tecnologia do novo Portal de Servi\u00e7os.<\/p>\n<p>Nesta primeira etapa, o novo portal funcionar\u00e1 como um agregador de sistemas, exibindo o mapa de todos os servi\u00e7os digitais, organizados por segmentos de interesse como \u201cCidad\u00e3o\u201d, \u201cRespons\u00e1veis por Neg\u00f3cios\u201d, \u201cEmpresas no Simples Nacional\u201d, \u201cMEIs\u201d e outros. Os usu\u00e1rios poder\u00e3o navegar por meio de \u00edcones, menu lateral ou ferramenta de busca. Tamb\u00e9m estar\u00e3o dispon\u00edveis funcionalidades para avalia\u00e7\u00e3o do Portal e eventual relato de erro de sistema, com orienta\u00e7\u00f5es sobre como proceder.<\/p>\n<p>O Novo Portal de Servi\u00e7os \u00e9 resultado de um longo de trabalho de pesquisas e entrevistas com diferentes perfis de usu\u00e1rios, que forneceram diagn\u00f3sticos precisos sobre a experi\u00eancia atual frente aos servi\u00e7os da Receita Federal, al\u00e9m de percep\u00e7\u00f5es e ideias valiosas para a constru\u00e7\u00e3o da nova plataforma.<\/p>\n<p><a href=\"https:\/\/servicos.receitafederal.gov.br\/\">Acesse aqui<\/a>\u00a0o novo Portal de Servi\u00e7os da Receita Federal. O portal tamb\u00e9m poder\u00e1 ser acessado pela p\u00e1gina inicial do site institucional da Receita Federal.<\/p>\n<p>Fonte: Receita Federal<\/p>\n","protected":false},"excerpt":{"rendered":"<p>Na segunda-feira, dia 4\/3, a Receita Federal lan\u00e7ou um novo portal, que reunir\u00e1 todos os servi\u00e7os oferecidos aos cidad\u00e3os e empres\u00e1rios, visando unificar e melhorar a experi\u00eancia dos usu\u00e1rios em rela\u00e7\u00e3o \u00e0 intera\u00e7\u00e3o digital com o \u00f3rg\u00e3o. A plataforma ser\u00e1 implementada em fases e, na sua \u00faltima etapa, substituir\u00e1 o atual Centro de Atendimento Virtual, [&hellip;]<\/p>\n","protected":false},"author":2,"featured_media":6290,"comment_status":"closed","ping_status":"closed","sticky":false,"template":"","format":"standard","meta":[],"categories":[116,1],"tags":[],"_links":{"self":[{"href":"https:\/\/www.sincomerciovc.com.br\/v3\/wp-json\/wp\/v2\/posts\/6292"}],"collection":[{"href":"https:\/\/www.sincomerciovc.com.br\/v3\/wp-json\/wp\/v2\/posts"}],"about":[{"href":"https:\/\/www.sincomerciovc.com.br\/v3\/wp-json\/wp\/v2\/types\/post"}],"author":[{"embeddable":true,"href":"https:\/\/www.sincomerciovc.com.br\/v3\/wp-json\/wp\/v2\/users\/2"}],"replies":[{"embeddable":true,"href":"https:\/\/www.sincomerciovc.com.br\/v3\/wp-json\/wp\/v2\/comments?post=6292"}],"version-history":[{"count":2,"href":"https:\/\/www.sincomerciovc.com.br\/v3\/wp-json\/wp\/v2\/posts\/6292\/revisions"}],"predecessor-version":[{"id":6295,"href":"https:\/\/www.sincomerciovc.com.br\/v3\/wp-json\/wp\/v2\/posts\/6292\/revisions\/6295"}],"wp:featuredmedia":[{"embeddable":true,"href":"https:\/\/www.sincomerciovc.com.br\/v3\/wp-json\/wp\/v2\/media\/6290"}],"wp:attachment":[{"href":"https:\/\/www.sincomerciovc.com.br\/v3\/wp-json\/wp\/v2\/media?parent=6292"}],"wp:term":[{"taxonomy":"category","embeddable":true,"href":"https:\/\/www.sincomerciovc.com.br\/v3\/wp-json\/wp\/v2\/categories?post=6292"},{"taxonomy":"post_tag","embeddable":true,"href":"https:\/\/www.sincomerciovc.com.br\/v3\/wp-json\/wp\/v2\/tags?post=6292"}],"curies":[{"name":"wp","href":"https:\/\/api.w.org\/{rel}","templated":true}]}}