{"id":5758,"date":"2022-03-15T15:41:05","date_gmt":"2022-03-15T18:41:05","guid":{"rendered":"http:\/\/www.sincomerciovc.com.br\/v3\/?p=5758"},"modified":"2025-04-12T08:28:19","modified_gmt":"2025-04-12T11:28:19","slug":"congresso-derruba-veto-a-renegociacao-de-dividas-para-micro-e-pequenas-empresas","status":"publish","type":"post","link":"https:\/\/www.sincomerciovc.com.br\/v3\/2022\/03\/15\/congresso-derruba-veto-a-renegociacao-de-dividas-para-micro-e-pequenas-empresas\/","title":{"rendered":"Congresso derruba veto \u00e0 renegocia\u00e7\u00e3o de d\u00edvidas para micro e pequenas empresas"},"content":{"rendered":"<p>O Congresso Nacional derrubou nesta quinta-feira (10\/03) o veto presidencial ao projeto que cria o programa de renegocia\u00e7\u00e3o de d\u00edvidas para microempreendedores individuais (MEIs), microempresas e empresas de pequeno porte enquadrados no Simples Nacional. Veto agora ir\u00e1 \u00e0 promulga\u00e7\u00e3o.<\/p>\n<p>Senadores foram os primeiros a rejeitarem o veto, com 65 votos a 2. Depois, foi a vez da C\u00e2mara analisar o veto. Foram registrados 430 votos favor\u00e1veis \u00e0 rejei\u00e7\u00e3o da decis\u00e3o do presidente Jair Bolsonaro, contra 11 e uma absten\u00e7\u00e3o.<\/p>\n<div class=\"cnnTeads\"><\/div>\n<p>Havia pressa para a derrubada do veto, uma vez que o prazo para evitar que mais de 437 mil micro e pequenas empresas endividadas n\u00e3o fossem exclu\u00eddas do Simples Nacional\u00a0<a href=\"https:\/\/www.cnnbrasil.com.br\/business\/comite-do-simples-prorroga-para-31-de-marco-prazo-para-negociacao-de-dividas\/\">vai at\u00e9 31 de mar\u00e7o<\/a>. A inadimpl\u00eancia \u00e9 de aproximadamente R$ 20 bilh\u00f5es, informou o governo federal.<\/p>\n<p>Na mensagem de veto, o Executivo alegou v\u00edcio de inconstitucionalidade e contrariedade ao interesse p\u00fablico, em decorr\u00eancia da ren\u00fancia de receita, violando a Lei de Responsabilidade Fiscal e a Lei de Diretrizes Or\u00e7ament\u00e1rias 2021.<\/p>\n<p>O texto vetado integralmente por Bolsonaro cria o Programa de Reescalonamento do Pagamento de D\u00e9bitos no \u00c2mbito do Simples Nacional (Relp), que renegocia as d\u00edvidas em at\u00e9 180 meses e estabelece descontos sobre juros, multas e encargos conforme a queda no faturamento da empresa no per\u00edodo da pandemia da covid-19, de mar\u00e7o a dezembro de 2020, em compara\u00e7\u00e3o ao mesmo per\u00edodo de 2019.<\/p>\n<p>Ainda de acordo com o projeto, poderiam ser parceladas quaisquer d\u00edvidas no \u00e2mbito do\u00a0<a href=\"https:\/\/www.cnnbrasil.com.br\/tudo-sobre\/simples-nacional\/\">Simples Nacional<\/a>, desde que o vencimento tivesse ocorrido at\u00e9 a compet\u00eancia do m\u00eas imediatamente anterior \u00e0 entrada em vigor da futura lei.<\/p>\n<p>Fonte: Gabriela Vinhal &#8211; Portal CNN Brasil<\/p>\n","protected":false},"excerpt":{"rendered":"<p>O Congresso Nacional derrubou nesta quinta-feira (10\/03) o veto presidencial ao projeto que cria o programa de renegocia\u00e7\u00e3o de d\u00edvidas para microempreendedores individuais (MEIs), microempresas e empresas de pequeno porte enquadrados no Simples Nacional. Veto agora ir\u00e1 \u00e0 promulga\u00e7\u00e3o. Senadores foram os primeiros a rejeitarem o veto, com 65 votos a 2. Depois, foi a [&hellip;]<\/p>\n","protected":false},"author":2,"featured_media":0,"comment_status":"closed","ping_status":"closed","sticky":false,"template":"","format":"standard","meta":[],"categories":[116,1],"tags":[41,18],"_links":{"self":[{"href":"https:\/\/www.sincomerciovc.com.br\/v3\/wp-json\/wp\/v2\/posts\/5758"}],"collection":[{"href":"https:\/\/www.sincomerciovc.com.br\/v3\/wp-json\/wp\/v2\/posts"}],"about":[{"href":"https:\/\/www.sincomerciovc.com.br\/v3\/wp-json\/wp\/v2\/types\/post"}],"author":[{"embeddable":true,"href":"https:\/\/www.sincomerciovc.com.br\/v3\/wp-json\/wp\/v2\/users\/2"}],"replies":[{"embeddable":true,"href":"https:\/\/www.sincomerciovc.com.br\/v3\/wp-json\/wp\/v2\/comments?post=5758"}],"version-history":[{"count":2,"href":"https:\/\/www.sincomerciovc.com.br\/v3\/wp-json\/wp\/v2\/posts\/5758\/revisions"}],"predecessor-version":[{"id":5761,"href":"https:\/\/www.sincomerciovc.com.br\/v3\/wp-json\/wp\/v2\/posts\/5758\/revisions\/5761"}],"wp:attachment":[{"href":"https:\/\/www.sincomerciovc.com.br\/v3\/wp-json\/wp\/v2\/media?parent=5758"}],"wp:term":[{"taxonomy":"category","embeddable":true,"href":"https:\/\/www.sincomerciovc.com.br\/v3\/wp-json\/wp\/v2\/categories?post=5758"},{"taxonomy":"post_tag","embeddable":true,"href":"https:\/\/www.sincomerciovc.com.br\/v3\/wp-json\/wp\/v2\/tags?post=5758"}],"curies":[{"name":"wp","href":"https:\/\/api.w.org\/{rel}","templated":true}]}}