{"id":5632,"date":"2021-09-20T14:48:01","date_gmt":"2021-09-20T17:48:01","guid":{"rendered":"http:\/\/www.sincomerciovc.com.br\/v3\/?p=5632"},"modified":"2025-04-12T13:08:59","modified_gmt":"2025-04-12T16:08:59","slug":"fecomercio-ba-e-sebrae-apresentam-uma-serie-de-workshops-sobre-ecossistemas-de-inovacao-na-bahia","status":"publish","type":"post","link":"https:\/\/www.sincomerciovc.com.br\/v3\/2021\/09\/20\/fecomercio-ba-e-sebrae-apresentam-uma-serie-de-workshops-sobre-ecossistemas-de-inovacao-na-bahia\/","title":{"rendered":"Fecom\u00e9rcio-BA e Sebrae apresentam uma s\u00e9rie de workshops sobre ecossistemas de inova\u00e7\u00e3o na Bahia"},"content":{"rendered":"<p>A Fecom\u00e9rcio-BA, juntamente com o Sebrae, e o apoio da Funda\u00e7\u00e3o CERTI, est\u00e3o realizando uma s\u00e9rie de Workshops de Planejamento do Ecossistema de Inova\u00e7\u00e3o de forma virtual e gratuita, nos dias 23, 28 e 30 de setembro, nas cidades de Feira de Santana, Lauro de Freitas e Vit\u00f3ria da Conquista, respectivamente. O objetivo geral do projeto \u00e9 fortalecer o ecossistema de empreendedorismo e inova\u00e7\u00e3o desses munic\u00edpios.<\/p>\n<p>Participam dos tr\u00eas eventos online representantes de institui\u00e7\u00f5es p\u00fablicas e privadas, do ambiente acad\u00eamico e da sociedade civil organizada. Para ter acesso ao Workshop \u00e9 necess\u00e1rio que seja realizada a inscri\u00e7\u00e3o e o preenchimento do formul\u00e1rio disponibilizado atrav\u00e9s do link https:\/\/bit.ly\/EcossistemasInova\u00e7\u00e3oBahia<\/p>\n<p>De acordo com o analista em Gest\u00e3o de Projetos do Sebrae, Maur\u00edcio Fernandes, essa iniciativa integra o projeto de desenvolvimento de ecossistemas locais de inova\u00e7\u00e3o.<\/p>\n<p>\u201cEsse \u00e9 um projeto que nasceu a partir de uma metodologia Sebrae e que j\u00e1 foi testada e validada em outros estados do pa\u00eds. Essa aplica\u00e7\u00e3o consiste na caracteriza\u00e7\u00e3o do ecossistema de inova\u00e7\u00e3o a partir da identifica\u00e7\u00e3o dos atores, da avalia\u00e7\u00e3o do n\u00edvel de maturidade e, por fim, da constru\u00e7\u00e3o de um plano de a\u00e7\u00e3o integrado com os atores locais, com vistas a melhorar o ambiente de neg\u00f3cios para o desenvolvimento de mais empreendimentos inovadores\u201d, pontua Fernandes.<\/p>\n<p>Os workshops s\u00e3o resultados do trabalho iniciado, em julho, com a pesquisa dos principais atores dos setores produtivos e institui\u00e7\u00f5es de ensino. A partir da an\u00e1lise do n\u00edvel de maturidade destes ecossistemas, ser\u00e1 poss\u00edvel formular e<\/p>\n<p>consolidar planos integrados de interven\u00e7\u00e3o, com vistas ao desenvolvimento de iniciativas inovadoras.<\/p>\n<p>A coordenadora do Centro de Inova\u00e7\u00e3o da Fecom\u00e9rcio-BA, Maria Medeiros, ressalta que \u201ca integra\u00e7\u00e3o de esfor\u00e7os entre a Fecom\u00e9rcio e o Sebrae evita o sombreamento de a\u00e7\u00f5es e refor\u00e7a as iniciativas de inova\u00e7\u00e3o que contribuem para a dinamiza\u00e7\u00e3o das empresas locais e da economia desses munic\u00edpios\u201d.<\/p>\n<p>Al\u00e9m disso, \u201co uso de uma metodologia j\u00e1 testada e aprovada \u00e9 fundamental para que as a\u00e7\u00f5es que integram este projeto estejam muito bem planejadas e consigam abrir espa\u00e7o para novos neg\u00f3cios e expandir os existentes. Estou segura que os desdobramentos dessa iniciativa ir\u00e3o conferir mais dinamismo econ\u00f4mico regional, objetivo que se compatibiliza com o compromisso da Fecom\u00e9rcio de ser a melhor e a mais \u00e1gil op\u00e7\u00e3o de lideran\u00e7a e representatividade dos sindicatos patronais e das empresas de com\u00e9rcio de bens, servi\u00e7os e turismo\u201d, destaca Medeiros .<\/p>\n","protected":false},"excerpt":{"rendered":"<p>A Fecom\u00e9rcio-BA, juntamente com o Sebrae, e o apoio da Funda\u00e7\u00e3o CERTI, est\u00e3o realizando uma s\u00e9rie de Workshops de Planejamento do Ecossistema de Inova\u00e7\u00e3o de forma virtual e gratuita, nos dias 23, 28 e 30 de setembro, nas cidades de Feira de Santana, Lauro de Freitas e Vit\u00f3ria da Conquista, respectivamente. O objetivo geral do [&hellip;]<\/p>\n","protected":false},"author":2,"featured_media":0,"comment_status":"closed","ping_status":"closed","sticky":false,"template":"","format":"standard","meta":[],"categories":[116,1],"tags":[198,80,54],"_links":{"self":[{"href":"https:\/\/www.sincomerciovc.com.br\/v3\/wp-json\/wp\/v2\/posts\/5632"}],"collection":[{"href":"https:\/\/www.sincomerciovc.com.br\/v3\/wp-json\/wp\/v2\/posts"}],"about":[{"href":"https:\/\/www.sincomerciovc.com.br\/v3\/wp-json\/wp\/v2\/types\/post"}],"author":[{"embeddable":true,"href":"https:\/\/www.sincomerciovc.com.br\/v3\/wp-json\/wp\/v2\/users\/2"}],"replies":[{"embeddable":true,"href":"https:\/\/www.sincomerciovc.com.br\/v3\/wp-json\/wp\/v2\/comments?post=5632"}],"version-history":[{"count":1,"href":"https:\/\/www.sincomerciovc.com.br\/v3\/wp-json\/wp\/v2\/posts\/5632\/revisions"}],"predecessor-version":[{"id":5633,"href":"https:\/\/www.sincomerciovc.com.br\/v3\/wp-json\/wp\/v2\/posts\/5632\/revisions\/5633"}],"wp:attachment":[{"href":"https:\/\/www.sincomerciovc.com.br\/v3\/wp-json\/wp\/v2\/media?parent=5632"}],"wp:term":[{"taxonomy":"category","embeddable":true,"href":"https:\/\/www.sincomerciovc.com.br\/v3\/wp-json\/wp\/v2\/categories?post=5632"},{"taxonomy":"post_tag","embeddable":true,"href":"https:\/\/www.sincomerciovc.com.br\/v3\/wp-json\/wp\/v2\/tags?post=5632"}],"curies":[{"name":"wp","href":"https:\/\/api.w.org\/{rel}","templated":true}]}}