{"id":5623,"date":"2021-09-01T16:13:47","date_gmt":"2021-09-01T19:13:47","guid":{"rendered":"http:\/\/www.sincomerciovc.com.br\/v3\/?p=5623"},"modified":"2021-09-06T12:37:53","modified_gmt":"2021-09-06T15:37:53","slug":"prefeitura-flexibiliza-protocolos-sanitarios-da-pandemia-em-vitoria-da-conquista","status":"publish","type":"post","link":"https:\/\/www.sincomerciovc.com.br\/v3\/2021\/09\/01\/prefeitura-flexibiliza-protocolos-sanitarios-da-pandemia-em-vitoria-da-conquista\/","title":{"rendered":"Prefeitura flexibiliza protocolos sanit\u00e1rios da pandemia em Vit\u00f3ria da Conquista"},"content":{"rendered":"<p>Conforme <a href=\"https:\/\/dom.pmvc.ba.gov.br\/diarios\/previsualizar\/gN0PQ8NP\/40\" target=\"_blank\" rel=\"noopener\">Decreto Municipal 21.438<\/a>, publicado no Di\u00e1rio Oficial, edi\u00e7\u00e3o de 31\/08, modificado pelo <a href=\"https:\/\/dom.pmvc.ba.gov.br\/diarios\/previsualizar\/dNKgMBNR\/33\" target=\"_blank\" rel=\"noopener\">Decreto 21.357<\/a> de 01\/09, a partir desta quarta-feira (01\/09) fica permitido no munic\u00edpio de Vit\u00f3ria da Conquista o funcionamento,\u00a0at\u00e9 03h00, de bares e restaurantes. Tamb\u00e9m fica autorizada, at\u00e9 este hor\u00e1rio, a realiza\u00e7\u00e3o\u00a0 de eventos sociais e infantis,\u00a0com p\u00fablico de 50% (cinquenta por cento) da capacidade do local, limitado a 500 (quinhentas) pessoa, .<\/p>\n<p>A libera\u00e7\u00e3o de eventos est\u00e1 condicionada \u00e0 ocupa\u00e7\u00e3o de leitos de UTI Covid-19 adulto em \u00edndice igual ou inferior a 60% considerando a quantidade existente na data da publica\u00e7\u00e3o do decreto.<\/p>\n<p>A execu\u00e7\u00e3o de m\u00fasica ao vivo, mesmo com bandas, fica permitida, sem a forma\u00e7\u00e3o de pista de dan\u00e7a. Os eventos sociais poder\u00e3o ser realizados de segunda-feira a domingo, com exce\u00e7\u00e3o de espa\u00e7os localizados em shopping centers e centros comerciais sem acesso independente. O novo decreto tamb\u00e9m prev\u00ea o funcionamento de cemit\u00e9rios de forma livre, com o obedi\u00eancia do uso de m\u00e1scara, que \u00e9 obrigat\u00f3rio em todos os locais p\u00fablicos, e \u00e1lcool em gel.<\/p>\n<p>Os protocolos sanit\u00e1rios estabelecidos, especialmente o distanciamento social adequado e o uso de m\u00e1scaras, devem ser respeitados nas atividades sociais, f\u00edsicas, culturais e religiosas.<\/p>\n<p>Ainda ficam mantidas: a proibi\u00e7\u00e3o do consumo de bebidas alco\u00f3licas em vias, pra\u00e7as e locais p\u00fablicos; o funcionamento at\u00e9 a meia-noite do transporte coletivo e shoppings centers.<\/p>\n<p>Academias e estabelecimentos voltados para a realiza\u00e7\u00e3o de atividades f\u00edsicas, cinemas, teatros e o Planet\u00e1rio Professor Everardo P\u00fablio de Castro funcionar\u00e3o obedecendo \u00e0 limita\u00e7\u00e3o de 50% da capacidade do local. J\u00e1 os atos religiosos lit\u00fargicos poder\u00e3o ocorrer com o m\u00e1ximo de 70% da capacidade do local.<\/p>\n","protected":false},"excerpt":{"rendered":"<p>Conforme Decreto Municipal 21.438, publicado no Di\u00e1rio Oficial, edi\u00e7\u00e3o de 31\/08, modificado pelo Decreto 21.357 de 01\/09, a partir desta quarta-feira (01\/09) fica permitido no munic\u00edpio de Vit\u00f3ria da Conquista o funcionamento,\u00a0at\u00e9 03h00, de bares e restaurantes. Tamb\u00e9m fica autorizada, at\u00e9 este hor\u00e1rio, a realiza\u00e7\u00e3o\u00a0 de eventos sociais e infantis,\u00a0com p\u00fablico de 50% (cinquenta por [&hellip;]<\/p>\n","protected":false},"author":2,"featured_media":5463,"comment_status":"closed","ping_status":"closed","sticky":false,"template":"","format":"standard","meta":[],"categories":[116,1],"tags":[174],"_links":{"self":[{"href":"https:\/\/www.sincomerciovc.com.br\/v3\/wp-json\/wp\/v2\/posts\/5623"}],"collection":[{"href":"https:\/\/www.sincomerciovc.com.br\/v3\/wp-json\/wp\/v2\/posts"}],"about":[{"href":"https:\/\/www.sincomerciovc.com.br\/v3\/wp-json\/wp\/v2\/types\/post"}],"author":[{"embeddable":true,"href":"https:\/\/www.sincomerciovc.com.br\/v3\/wp-json\/wp\/v2\/users\/2"}],"replies":[{"embeddable":true,"href":"https:\/\/www.sincomerciovc.com.br\/v3\/wp-json\/wp\/v2\/comments?post=5623"}],"version-history":[{"count":4,"href":"https:\/\/www.sincomerciovc.com.br\/v3\/wp-json\/wp\/v2\/posts\/5623\/revisions"}],"predecessor-version":[{"id":5630,"href":"https:\/\/www.sincomerciovc.com.br\/v3\/wp-json\/wp\/v2\/posts\/5623\/revisions\/5630"}],"wp:featuredmedia":[{"embeddable":true,"href":"https:\/\/www.sincomerciovc.com.br\/v3\/wp-json\/wp\/v2\/media\/5463"}],"wp:attachment":[{"href":"https:\/\/www.sincomerciovc.com.br\/v3\/wp-json\/wp\/v2\/media?parent=5623"}],"wp:term":[{"taxonomy":"category","embeddable":true,"href":"https:\/\/www.sincomerciovc.com.br\/v3\/wp-json\/wp\/v2\/categories?post=5623"},{"taxonomy":"post_tag","embeddable":true,"href":"https:\/\/www.sincomerciovc.com.br\/v3\/wp-json\/wp\/v2\/tags?post=5623"}],"curies":[{"name":"wp","href":"https:\/\/api.w.org\/{rel}","templated":true}]}}