{"id":5365,"date":"2021-03-21T18:29:22","date_gmt":"2021-03-21T21:29:22","guid":{"rendered":"http:\/\/www.sincomerciovc.com.br\/v3\/?p=5365"},"modified":"2025-04-12T19:23:19","modified_gmt":"2025-04-12T22:23:19","slug":"prefeitura-mantem-decreto-que-preve-toque-de-recolher-das-20h-as-05h","status":"publish","type":"post","link":"https:\/\/www.sincomerciovc.com.br\/v3\/2021\/03\/21\/prefeitura-mantem-decreto-que-preve-toque-de-recolher-das-20h-as-05h\/","title":{"rendered":"Prefeitura mant\u00e9m Decreto que prev\u00ea toque de recolher das 20h \u00e0s 05h"},"content":{"rendered":"<p>A Prefeitura Municipal de Vit\u00f3ria da manteve, at\u00e9 o dia 1\u00ba de abril, as medidas tempor\u00e1rias de preven\u00e7\u00e3o ao cont\u00e1gio da COVID-19 no munic\u00edpio, estabelecidas no <a href=\"https:\/\/dom.pmvc.ba.gov.br\/diarios\/previsualizar\/ZNqnnPa1\/100\" target=\"_blank\" rel=\"noopener\">Decreto Municipal n\u00ba 20.816<\/a>, publicado no \u00faltimo dia 03 de mar\u00e7o de 2021.<\/p>\n<p>O Decreto em vig\u00eancia estabelece, entre outras medidas, que o toque de recolher no munic\u00edpio de Vit\u00f3ria da Conquista ocorra das 20h \u00e0s 05h. O Documento garante, ainda, que a fiscaliza\u00e7\u00e3o se manter\u00e1 e os estabelecimentos que eventualmente descumprirem as regras ser\u00e3o responsabilizados.<\/p>\n<p>Segundo nota da Prefeitura, &#8220;a decis\u00e3o leva em conta todas as an\u00e1lises t\u00e9cnicas realizadas pelo Comit\u00ea Gestor, que aponta aumento de aglomera\u00e7\u00f5es de v\u00e9spera em supermercados, grandes lojas e no transporte p\u00fablico, principalmente nos hor\u00e1rios de pico, entre 18h e 20h. Portanto, a antecipa\u00e7\u00e3o do toque de recolher para \u00e0s 18h, proposta no Decreto Estadual n\u00ba 20.324, de 19 de mar\u00e7o, tende a piorar tal situa\u00e7\u00e3o, gerando mais aglomera\u00e7\u00f5es em Vit\u00f3ria da Conquista&#8221;.<\/p>\n<div class=\"ssba-classic-2 ssba ssbp-wrap left ssbp--theme-1\"><\/div>\n","protected":false},"excerpt":{"rendered":"<p>A Prefeitura Municipal de Vit\u00f3ria da manteve, at\u00e9 o dia 1\u00ba de abril, as medidas tempor\u00e1rias de preven\u00e7\u00e3o ao cont\u00e1gio da COVID-19 no munic\u00edpio, estabelecidas no Decreto Municipal n\u00ba 20.816, publicado no \u00faltimo dia 03 de mar\u00e7o de 2021. O Decreto em vig\u00eancia estabelece, entre outras medidas, que o toque de recolher no munic\u00edpio de [&hellip;]<\/p>\n","protected":false},"author":2,"featured_media":0,"comment_status":"closed","ping_status":"closed","sticky":false,"template":"","format":"standard","meta":[],"categories":[1],"tags":[181,174],"_links":{"self":[{"href":"https:\/\/www.sincomerciovc.com.br\/v3\/wp-json\/wp\/v2\/posts\/5365"}],"collection":[{"href":"https:\/\/www.sincomerciovc.com.br\/v3\/wp-json\/wp\/v2\/posts"}],"about":[{"href":"https:\/\/www.sincomerciovc.com.br\/v3\/wp-json\/wp\/v2\/types\/post"}],"author":[{"embeddable":true,"href":"https:\/\/www.sincomerciovc.com.br\/v3\/wp-json\/wp\/v2\/users\/2"}],"replies":[{"embeddable":true,"href":"https:\/\/www.sincomerciovc.com.br\/v3\/wp-json\/wp\/v2\/comments?post=5365"}],"version-history":[{"count":2,"href":"https:\/\/www.sincomerciovc.com.br\/v3\/wp-json\/wp\/v2\/posts\/5365\/revisions"}],"predecessor-version":[{"id":5368,"href":"https:\/\/www.sincomerciovc.com.br\/v3\/wp-json\/wp\/v2\/posts\/5365\/revisions\/5368"}],"wp:attachment":[{"href":"https:\/\/www.sincomerciovc.com.br\/v3\/wp-json\/wp\/v2\/media?parent=5365"}],"wp:term":[{"taxonomy":"category","embeddable":true,"href":"https:\/\/www.sincomerciovc.com.br\/v3\/wp-json\/wp\/v2\/categories?post=5365"},{"taxonomy":"post_tag","embeddable":true,"href":"https:\/\/www.sincomerciovc.com.br\/v3\/wp-json\/wp\/v2\/tags?post=5365"}],"curies":[{"name":"wp","href":"https:\/\/api.w.org\/{rel}","templated":true}]}}