{"id":4894,"date":"2019-03-11T15:46:07","date_gmt":"2019-03-11T18:46:07","guid":{"rendered":"http:\/\/www.sincomerciovc.com.br\/v3\/?p=4894"},"modified":"2025-04-14T10:15:17","modified_gmt":"2025-04-14T13:15:17","slug":"4894","status":"publish","type":"post","link":"https:\/\/www.sincomerciovc.com.br\/v3\/2019\/03\/11\/4894\/","title":{"rendered":"Conquista Sul &#8211; Termo Aditivo \u00e0 Conven\u00e7\u00e3o Coletiva de Trabalho"},"content":{"rendered":"<p>O Sindicato do\u00a0Com\u00e9rcio Varejista e Atacadista de Vit\u00f3ria da Conquista, o Sindicato dos Empregados no Com\u00e9rcio de Vit\u00f3ria da Conquista, a Administra\u00e7\u00e3o e a Associa\u00e7\u00e3o dos Lojistas do Shopping Conquista Sul firmaram, no \u00faltimo dia 30 de janeiro, Termo Aditivo \u00e0 Conven\u00e7\u00e3o Coletiva de Trabalho 2019, dispondo em especial sobre o hor\u00e1rio de funcionamento daquele Centro Comercial durante o ano de 2019. Permanecem em vigor as demais cl\u00e1usulas da Conven\u00e7\u00e3o Coletiva n\u00e3o alteradas pelo Termo Aditivo.<\/p>\n<p>Para consulta ou download do Termo Aditivo, &#8211;\u00a0<a href=\"http:\/\/www.sincomerciovc.com.br\/v3\/wp-content\/uploads\/2019\/03\/Termo-Aditivo-2019-Conquista-Sul.pdf\" target=\"_blank\" rel=\"noopener\">Clique aqui<\/a><\/p>\n","protected":false},"excerpt":{"rendered":"<p>O Sindicato do\u00a0Com\u00e9rcio Varejista e Atacadista de Vit\u00f3ria da Conquista, o Sindicato dos Empregados no Com\u00e9rcio de Vit\u00f3ria da Conquista, a Administra\u00e7\u00e3o e a Associa\u00e7\u00e3o dos Lojistas do Shopping Conquista Sul firmaram, no \u00faltimo dia 30 de janeiro, Termo Aditivo \u00e0 Conven\u00e7\u00e3o Coletiva de Trabalho 2019, dispondo em especial sobre o hor\u00e1rio de funcionamento daquele [&hellip;]<\/p>\n","protected":false},"author":2,"featured_media":0,"comment_status":"closed","ping_status":"closed","sticky":false,"template":"","format":"standard","meta":[],"categories":[1],"tags":[169,23,170],"_links":{"self":[{"href":"https:\/\/www.sincomerciovc.com.br\/v3\/wp-json\/wp\/v2\/posts\/4894"}],"collection":[{"href":"https:\/\/www.sincomerciovc.com.br\/v3\/wp-json\/wp\/v2\/posts"}],"about":[{"href":"https:\/\/www.sincomerciovc.com.br\/v3\/wp-json\/wp\/v2\/types\/post"}],"author":[{"embeddable":true,"href":"https:\/\/www.sincomerciovc.com.br\/v3\/wp-json\/wp\/v2\/users\/2"}],"replies":[{"embeddable":true,"href":"https:\/\/www.sincomerciovc.com.br\/v3\/wp-json\/wp\/v2\/comments?post=4894"}],"version-history":[{"count":5,"href":"https:\/\/www.sincomerciovc.com.br\/v3\/wp-json\/wp\/v2\/posts\/4894\/revisions"}],"predecessor-version":[{"id":4902,"href":"https:\/\/www.sincomerciovc.com.br\/v3\/wp-json\/wp\/v2\/posts\/4894\/revisions\/4902"}],"wp:attachment":[{"href":"https:\/\/www.sincomerciovc.com.br\/v3\/wp-json\/wp\/v2\/media?parent=4894"}],"wp:term":[{"taxonomy":"category","embeddable":true,"href":"https:\/\/www.sincomerciovc.com.br\/v3\/wp-json\/wp\/v2\/categories?post=4894"},{"taxonomy":"post_tag","embeddable":true,"href":"https:\/\/www.sincomerciovc.com.br\/v3\/wp-json\/wp\/v2\/tags?post=4894"}],"curies":[{"name":"wp","href":"https:\/\/api.w.org\/{rel}","templated":true}]}}