{"id":3947,"date":"2018-04-30T18:43:30","date_gmt":"2018-04-30T21:43:30","guid":{"rendered":"http:\/\/www.sincomerciovc.com.br\/v2\/?p=3947"},"modified":"2018-04-30T18:43:30","modified_gmt":"2018-04-30T21:43:30","slug":"perfil-socioeconomico-repercute-em-todo-o-estado","status":"publish","type":"post","link":"https:\/\/www.sincomerciovc.com.br\/v3\/2018\/04\/30\/perfil-socioeconomico-repercute-em-todo-o-estado\/","title":{"rendered":"Publicado Perfil Socioecon\u00f4mico de Vit\u00f3ria da Conquista"},"content":{"rendered":"<p style=\"font-weight: 400;\">Foi apresentado na \u00faltima ter\u00e7a-feira, 24\/04, no sal\u00e3o de eventos do Sincom\u00e9rciovc, o Perfil Socioecon\u00f4mico de Vit\u00f3ria da Conquista, diante de um p\u00fablico de aproximadamente 150 autoridades e personalidades da economia local. O trabalho, realizado pelo\u00a0<em>Movimento Pr\u00f3 Conquistas\u00a0<\/em>(MPC)<em>\u00a0<\/em>\u00e9 pioneiro e j\u00e1 influencia outras cidades da regi\u00e3o.<\/p>\n<p style=\"font-weight: 400;\">O MPC\u00a0oferece atualmente assento, voz e voto para diversas entidades locais (dentre elas ACIVIC, AINVIC, ASDAB, CDL, CONSEG, COOPMAC, CREA, OAB, SENAC, SINCOM\u00c9RCIOVC, SINDUSCON, SISTEMA FIEB\/SESI, Loja Ma\u00e7\u00f4nica Cavaleiros do Oriente). O Movimento \u00e9 a favor de conquistas e apesar de se estruturar em Conquista, sua influ\u00eancia j\u00e1 come\u00e7a se estender por todo estado.<\/p>\n<p style=\"font-weight: 400;\">Ap\u00f3s longas reuni\u00f5es, os membro do MPC aprovaram a realiza\u00e7\u00e3o do perfil, por verificarem a necessidade das gest\u00f5es empresariais e p\u00fablicas de possu\u00edrem dados estat\u00edsticos para auxiliar na tomada de decis\u00f5es.<\/p>\n<p style=\"font-weight: 400;\">O Perfil Socioecon\u00f4mico disponibiliza um registro econ\u00f4mico da cidade demonstrando em dados, n\u00fameros e informa\u00e7\u00f5es, as caracter\u00edsticas sociais, econ\u00f4micas e geogr\u00e1ficas do munic\u00edpio.\u00a0Os economistas Ane Alencar e Hugo Nogueira foram os respons\u00e1veis pela pesquisa. Contou com a an\u00e1lise t\u00e9cnica do Economista Gustavo Pessoti, diretor de indicadores e estat\u00edstica da Superintend\u00eancia de Estudos Econ\u00f4micos e Sociais da Bahia (SEI) e a coordena\u00e7\u00e3o geral do Prof. Ms. Itamar Figueredo, presidente do Movimento Pr\u00f3 Conquistas e presidente da Associa\u00e7\u00e3o Comercial e Industrial de Vit\u00f3ria da Conquista (ACIVIC).<\/p>\n<p style=\"font-weight: 400;\">O processo de produ\u00e7\u00e3o durou um ano. As informa\u00e7\u00f5es foram coletadas de \u00f3rg\u00e3os estat\u00edsticos do governo e de institui\u00e7\u00f5es p\u00fablicas e privadas de Vit\u00f3ria da Conquista.Este trabalho teve como motivador perfis de outras cidades, como Rondon\u00f3polis &#8211; MT, que serviu como modelo para aplica\u00e7\u00e3o da metodologia.<\/p>\n<p style=\"font-weight: 400;\">O cidad\u00e3o conquistense agora tem a oportunidade de conseguir informa\u00e7\u00f5es completas sobre toda a economia do munic\u00edpio em um \u00fanico material.<\/p>\n<p style=\"font-weight: 400;\">Voc\u00ea pode conferir o Perfil Socioecon\u00f4mico de Vit\u00f3ria da Conquista &#8211; <em><a href=\"http:\/\/www.acivic.com.br\/site\/perfil\/index.php\" target=\"_blank\">clique aqui<\/a><\/em><\/p>\n","protected":false},"excerpt":{"rendered":"<p>Foi apresentado na \u00faltima ter\u00e7a-feira, 24\/04, no sal\u00e3o de eventos do Sincom\u00e9rciovc, o Perfil Socioecon\u00f4mico de Vit\u00f3ria da Conquista, diante de um p\u00fablico de aproximadamente 150 autoridades e personalidades da economia local. O trabalho, realizado pelo\u00a0Movimento Pr\u00f3 Conquistas\u00a0(MPC)\u00a0\u00e9 pioneiro e j\u00e1 influencia outras cidades da regi\u00e3o. O MPC\u00a0oferece atualmente assento, voz e voto para diversas [&hellip;]<\/p>\n","protected":false},"author":1,"featured_media":3952,"comment_status":"open","ping_status":"open","sticky":false,"template":"","format":"standard","meta":[],"categories":[1],"tags":[],"_links":{"self":[{"href":"https:\/\/www.sincomerciovc.com.br\/v3\/wp-json\/wp\/v2\/posts\/3947"}],"collection":[{"href":"https:\/\/www.sincomerciovc.com.br\/v3\/wp-json\/wp\/v2\/posts"}],"about":[{"href":"https:\/\/www.sincomerciovc.com.br\/v3\/wp-json\/wp\/v2\/types\/post"}],"author":[{"embeddable":true,"href":"https:\/\/www.sincomerciovc.com.br\/v3\/wp-json\/wp\/v2\/users\/1"}],"replies":[{"embeddable":true,"href":"https:\/\/www.sincomerciovc.com.br\/v3\/wp-json\/wp\/v2\/comments?post=3947"}],"version-history":[{"count":0,"href":"https:\/\/www.sincomerciovc.com.br\/v3\/wp-json\/wp\/v2\/posts\/3947\/revisions"}],"wp:featuredmedia":[{"embeddable":true,"href":"https:\/\/www.sincomerciovc.com.br\/v3\/wp-json\/wp\/v2\/media\/3952"}],"wp:attachment":[{"href":"https:\/\/www.sincomerciovc.com.br\/v3\/wp-json\/wp\/v2\/media?parent=3947"}],"wp:term":[{"taxonomy":"category","embeddable":true,"href":"https:\/\/www.sincomerciovc.com.br\/v3\/wp-json\/wp\/v2\/categories?post=3947"},{"taxonomy":"post_tag","embeddable":true,"href":"https:\/\/www.sincomerciovc.com.br\/v3\/wp-json\/wp\/v2\/tags?post=3947"}],"curies":[{"name":"wp","href":"https:\/\/api.w.org\/{rel}","templated":true}]}}